{"id":124,"date":"2019-07-30T10:19:16","date_gmt":"2019-07-30T10:19:16","guid":{"rendered":"http:\/\/www.gdaniec.eu\/?p=124"},"modified":"2025-01-27T21:04:11","modified_gmt":"2025-01-27T21:04:11","slug":"kwalifikacje-zawodowe","status":"publish","type":"post","link":"https:\/\/www.gdaniec.eu\/?p=124","title":{"rendered":"kwalifikacje zawodowe"},"content":{"rendered":"\t\t<div data-elementor-type=\"wp-post\" data-elementor-id=\"124\" class=\"elementor elementor-124\">\n\t\t\t\t\t\t<section class=\"elementor-section elementor-top-section elementor-element elementor-element-3a7592a elementor-section-boxed elementor-section-height-default elementor-section-height-default\" data-id=\"3a7592a\" data-element_type=\"section\" data-e-type=\"section\">\n\t\t\t\t\t\t<div class=\"elementor-container elementor-column-gap-default\">\n\t\t\t\t\t<div class=\"elementor-column elementor-col-100 elementor-top-column elementor-element elementor-element-ae4fb69\" data-id=\"ae4fb69\" data-element_type=\"column\" data-e-type=\"column\">\n\t\t\t<div class=\"elementor-widget-wrap\">\n\t\t\t\t\t\t\t<\/div>\n\t\t<\/div>\n\t\t\t\t\t<\/div>\n\t\t<\/section>\n\t\t\t\t<section class=\"elementor-section elementor-top-section elementor-element elementor-element-2548f2c elementor-section-boxed elementor-section-height-default elementor-section-height-default\" data-id=\"2548f2c\" data-element_type=\"section\" data-e-type=\"section\">\n\t\t\t\t\t\t<div class=\"elementor-container elementor-column-gap-default\">\n\t\t\t\t\t<div class=\"elementor-column elementor-col-100 elementor-top-column elementor-element elementor-element-d48ea35\" data-id=\"d48ea35\" data-element_type=\"column\" data-e-type=\"column\">\n\t\t\t<div class=\"elementor-widget-wrap elementor-element-populated\">\n\t\t\t\t\t\t<div class=\"elementor-element elementor-element-dcdc7ce elementor-widget elementor-widget-text-editor\" data-id=\"dcdc7ce\" data-element_type=\"widget\" data-e-type=\"widget\" data-widget_type=\"text-editor.default\">\n\t\t\t\t<div class=\"elementor-widget-container\">\n\t\t\t\t\t\t\t\t\t<h5><span style=\"color: #003366;\"><strong>Podzia\u0142 maj\u0105tku po separacji, podczas rozwodu i po rozwodzie (28.09.2012)<\/strong><\/span><\/h5><h6><span style=\"color: #003366;\"><strong>Eiden Justistsche Fachseminare<\/strong><\/span><\/h6>\t\t\t\t\t\t\t\t<\/div>\n\t\t\t\t<\/div>\n\t\t\t\t<div class=\"elementor-element elementor-element-6d9d5a5 elementor-widget elementor-widget-text-editor\" data-id=\"6d9d5a5\" data-element_type=\"widget\" data-e-type=\"widget\" data-widget_type=\"text-editor.default\">\n\t\t\t\t<div class=\"elementor-widget-container\">\n\t\t\t\t\t\t\t\t\t<h5><span style=\"color: #003366;\"><strong>Kurs kwalifikacyjny &#8222;Specjalistka do spraw prawa rodzinnego&#8220; od<\/strong><strong> 26.11.2010 do 13.3.2011 <br><\/strong><\/span><\/h5>\n<h6><span style=\"color: #003366;\"><strong>Juristische Fachseminare&nbsp;<\/strong><\/span><\/h6>\t\t\t\t\t\t\t\t<\/div>\n\t\t\t\t<\/div>\n\t\t\t\t\t<\/div>\n\t\t<\/div>\n\t\t\t\t\t<\/div>\n\t\t<\/section>\n\t\t\t\t<section class=\"elementor-section elementor-top-section elementor-element elementor-element-fc3a61f elementor-section-boxed elementor-section-height-default elementor-section-height-default\" data-id=\"fc3a61f\" data-element_type=\"section\" data-e-type=\"section\">\n\t\t\t\t\t\t<div class=\"elementor-container elementor-column-gap-default\">\n\t\t\t\t\t<div class=\"elementor-column elementor-col-100 elementor-top-column elementor-element elementor-element-2f8b539\" data-id=\"2f8b539\" data-element_type=\"column\" data-e-type=\"column\">\n\t\t\t<div class=\"elementor-widget-wrap elementor-element-populated\">\n\t\t\t\t\t\t<div class=\"elementor-element elementor-element-61df024 elementor-widget elementor-widget-text-editor\" data-id=\"61df024\" data-element_type=\"widget\" data-e-type=\"widget\" data-widget_type=\"text-editor.default\">\n\t\t\t\t<div class=\"elementor-widget-container\">\n\t\t\t\t\t\t\t\t\t<h5><span style=\"color: #003366;\"><strong>Nowo\u015bci w prawie rozwodowym<\/strong><strong> (23.11.2012)<\/strong><\/span><\/h5><h6><span style=\"color: #003366;\"><strong>Eiden Juristische Fachseminare<\/strong><\/span><\/h6>\t\t\t\t\t\t\t\t<\/div>\n\t\t\t\t<\/div>\n\t\t\t\t\t<\/div>\n\t\t<\/div>\n\t\t\t\t\t<\/div>\n\t\t<\/section>\n\t\t\t\t<section class=\"elementor-section elementor-top-section elementor-element elementor-element-d062e87 elementor-section-boxed elementor-section-height-default elementor-section-height-default\" data-id=\"d062e87\" data-element_type=\"section\" data-e-type=\"section\">\n\t\t\t\t\t\t<div class=\"elementor-container elementor-column-gap-default\">\n\t\t\t\t\t<div class=\"elementor-column elementor-col-100 elementor-top-column elementor-element elementor-element-57504e5\" data-id=\"57504e5\" data-element_type=\"column\" data-e-type=\"column\">\n\t\t\t<div class=\"elementor-widget-wrap elementor-element-populated\">\n\t\t\t\t\t\t<div class=\"elementor-element elementor-element-9447902 elementor-widget elementor-widget-text-editor\" data-id=\"9447902\" data-element_type=\"widget\" data-e-type=\"widget\" data-widget_type=\"text-editor.default\">\n\t\t\t\t<div class=\"elementor-widget-container\">\n\t\t\t\t\t\t\t\t\t<h5><span style=\"color: #003366;\"><strong>Nadanie tytu\u0142u &#8222;Specjalistki do spraw prawa rodzinnego&#8220; (Fachanw\u00e4ltin f\u00fcr Familienrecht)<\/strong><\/span><span style=\"color: #003366;\"><strong> 27.6.2013<\/strong><\/span><\/h5>\t\t\t\t\t\t\t\t<\/div>\n\t\t\t\t<\/div>\n\t\t\t\t\t<\/div>\n\t\t<\/div>\n\t\t\t\t\t<\/div>\n\t\t<\/section>\n\t\t\t\t<section class=\"elementor-section elementor-top-section elementor-element elementor-element-30a1424 elementor-section-boxed elementor-section-height-default elementor-section-height-default\" data-id=\"30a1424\" data-element_type=\"section\" data-e-type=\"section\">\n\t\t\t\t\t\t<div class=\"elementor-container elementor-column-gap-default\">\n\t\t\t\t\t<div class=\"elementor-column elementor-col-100 elementor-top-column elementor-element elementor-element-3c94833\" data-id=\"3c94833\" data-element_type=\"column\" data-e-type=\"column\">\n\t\t\t<div class=\"elementor-widget-wrap elementor-element-populated\">\n\t\t\t\t\t\t<div class=\"elementor-element elementor-element-c067539 elementor-widget-tablet__width-initial elementor-widget elementor-widget-text-editor\" data-id=\"c067539\" data-element_type=\"widget\" data-e-type=\"widget\" data-widget_type=\"text-editor.default\">\n\t\t\t\t<div class=\"elementor-widget-container\">\n\t\t\t\t\t\t\t\t\t<h5><span style=\"color: #003366;\"><strong>Nowe post\u0119powanie cywilne z punktu widzenia adwokata &#8211; nowe orzeczenia i zmiany orzecze\u0144 s\u0105du najwy\u017cszego (19.10.2013)<br \/><\/strong><\/span><\/h5><h6><span style=\"color: #003366;\"><strong>Eiden Juristische Fachseminare<\/strong><\/span><\/h6>\t\t\t\t\t\t\t\t<\/div>\n\t\t\t\t<\/div>\n\t\t\t\t\t<\/div>\n\t\t<\/div>\n\t\t\t\t\t<\/div>\n\t\t<\/section>\n\t\t\t\t<section class=\"elementor-section elementor-top-section elementor-element elementor-element-232010d elementor-section-boxed elementor-section-height-default elementor-section-height-default\" data-id=\"232010d\" data-element_type=\"section\" data-e-type=\"section\">\n\t\t\t\t\t\t<div class=\"elementor-container elementor-column-gap-default\">\n\t\t\t\t\t<div class=\"elementor-column elementor-col-100 elementor-top-column elementor-element elementor-element-228b38e\" data-id=\"228b38e\" data-element_type=\"column\" data-e-type=\"column\">\n\t\t\t<div class=\"elementor-widget-wrap elementor-element-populated\">\n\t\t\t\t\t\t<div class=\"elementor-element elementor-element-0ad8a21 elementor-widget-mobile__width-initial elementor-widget elementor-widget-text-editor\" data-id=\"0ad8a21\" data-element_type=\"widget\" data-e-type=\"widget\" data-widget_type=\"text-editor.default\">\n\t\t\t\t<div class=\"elementor-widget-container\">\n\t\t\t\t\t\t\t\t\t<h5><span style=\"color: #003366;\"><strong>Efektywne rozliczenia aliment\u00f3w i podzia\u0142u dorobku ma\u0142\u017ce\u0144skiego<\/strong><strong> \u2013 rozliczenia tabelami Exel wed\u0142ug nowych orzecze\u0144 s\u0105dowych (08.11.2014)<\/strong><\/span><\/h5><h6><span style=\"color: #003366;\"><strong>\u00a0Deutsches Anwaltsinstitut e.V.<\/strong><\/span><\/h6>\t\t\t\t\t\t\t\t<\/div>\n\t\t\t\t<\/div>\n\t\t\t\t\t<\/div>\n\t\t<\/div>\n\t\t\t\t\t<\/div>\n\t\t<\/section>\n\t\t\t\t<section class=\"elementor-section elementor-top-section elementor-element elementor-element-69db956 elementor-section-boxed elementor-section-height-default elementor-section-height-default\" data-id=\"69db956\" data-element_type=\"section\" data-e-type=\"section\">\n\t\t\t\t\t\t<div class=\"elementor-container elementor-column-gap-default\">\n\t\t\t\t\t<div class=\"elementor-column elementor-col-100 elementor-top-column elementor-element elementor-element-2a8e016\" data-id=\"2a8e016\" data-element_type=\"column\" data-e-type=\"column\">\n\t\t\t<div class=\"elementor-widget-wrap elementor-element-populated\">\n\t\t\t\t\t\t<div class=\"elementor-element elementor-element-0823f09 elementor-widget elementor-widget-text-editor\" data-id=\"0823f09\" data-element_type=\"widget\" data-e-type=\"widget\" data-widget_type=\"text-editor.default\">\n\t\t\t\t<div class=\"elementor-widget-container\">\n\t\t\t\t\t\t\t\t\t<h5><span style=\"color: #003366;\"><strong>Prawo alimentacyjne i prawo podzia\u0142u kapita\u0142u emerytalnego &#8211; Aktualne problemy 2014 (21.11.2014)<\/strong><\/span><\/h5><h6><span style=\"color: #003366;\"><strong>Deutsches Anwaltsinstitut e.V.<\/strong><\/span><\/h6>\t\t\t\t\t\t\t\t<\/div>\n\t\t\t\t<\/div>\n\t\t\t\t\t<\/div>\n\t\t<\/div>\n\t\t\t\t\t<\/div>\n\t\t<\/section>\n\t\t\t\t<section class=\"elementor-section elementor-top-section elementor-element elementor-element-1cc7291 elementor-section-boxed elementor-section-height-default elementor-section-height-default\" data-id=\"1cc7291\" data-element_type=\"section\" data-e-type=\"section\">\n\t\t\t\t\t\t<div class=\"elementor-container elementor-column-gap-default\">\n\t\t\t\t\t<div class=\"elementor-column elementor-col-100 elementor-top-column elementor-element elementor-element-95a6fc3\" data-id=\"95a6fc3\" data-element_type=\"column\" data-e-type=\"column\">\n\t\t\t<div class=\"elementor-widget-wrap elementor-element-populated\">\n\t\t\t\t\t\t<div class=\"elementor-element elementor-element-a2ec644 elementor-widget-mobile__width-initial elementor-widget elementor-widget-text-editor\" data-id=\"a2ec644\" data-element_type=\"widget\" data-e-type=\"widget\" data-widget_type=\"text-editor.default\">\n\t\t\t\t<div class=\"elementor-widget-container\">\n\t\t\t\t\t\t\t\t\t<h5><span style=\"color: #003366;\"><strong>Ustalenie<\/strong><strong> dochodu jako pod\u0142o\u017ce naliczenia alimentacyjnego (13.02.2015)<\/strong><\/span><\/h5><h6><span style=\"color: #003366;\"><strong>Deutsches<\/strong><strong> Anwaltsinstitut e.V.<\/strong><\/span><\/h6>\t\t\t\t\t\t\t\t<\/div>\n\t\t\t\t<\/div>\n\t\t\t\t\t<\/div>\n\t\t<\/div>\n\t\t\t\t\t<\/div>\n\t\t<\/section>\n\t\t\t\t<section class=\"elementor-section elementor-top-section elementor-element elementor-element-7145a2a elementor-section-boxed elementor-section-height-default elementor-section-height-default\" data-id=\"7145a2a\" data-element_type=\"section\" data-e-type=\"section\">\n\t\t\t\t\t\t<div class=\"elementor-container elementor-column-gap-default\">\n\t\t\t\t\t<div class=\"elementor-column elementor-col-100 elementor-top-column elementor-element elementor-element-157d426\" data-id=\"157d426\" data-element_type=\"column\" data-e-type=\"column\">\n\t\t\t<div class=\"elementor-widget-wrap elementor-element-populated\">\n\t\t\t\t\t\t<div class=\"elementor-element elementor-element-81f093c elementor-widget elementor-widget-text-editor\" data-id=\"81f093c\" data-element_type=\"widget\" data-e-type=\"widget\" data-widget_type=\"text-editor.default\">\n\t\t\t\t<div class=\"elementor-widget-container\">\n\t\t\t\t\t\t\t\t\t<h5><span style=\"color: #003366;\"><strong>Szczeg\u00f3\u0142y<\/strong><strong> prawa rodzinnego: Alimenty i podzia\u0142 dorobku ma\u0142\u017ce\u0144skiego &#8211; przepadek rozczenia alimentacyjnego i ograniczenie czasowe\u00a0 (13.11.2015)<\/strong><\/span><\/h5><h6><span style=\"color: #003366;\"><strong>Deutsches Anwaltsinstitut e.V.<\/strong><\/span><\/h6>\t\t\t\t\t\t\t\t<\/div>\n\t\t\t\t<\/div>\n\t\t\t\t\t<\/div>\n\t\t<\/div>\n\t\t\t\t\t<\/div>\n\t\t<\/section>\n\t\t\t\t<section class=\"elementor-section elementor-top-section elementor-element elementor-element-0d034fb elementor-section-boxed elementor-section-height-default elementor-section-height-default\" data-id=\"0d034fb\" data-element_type=\"section\" data-e-type=\"section\">\n\t\t\t\t\t\t<div class=\"elementor-container elementor-column-gap-default\">\n\t\t\t\t\t<div class=\"elementor-column elementor-col-100 elementor-top-column elementor-element elementor-element-846557e\" data-id=\"846557e\" data-element_type=\"column\" data-e-type=\"column\">\n\t\t\t<div class=\"elementor-widget-wrap elementor-element-populated\">\n\t\t\t\t\t\t<div class=\"elementor-element elementor-element-0717c51 elementor-widget elementor-widget-text-editor\" data-id=\"0717c51\" data-element_type=\"widget\" data-e-type=\"widget\" data-widget_type=\"text-editor.default\">\n\t\t\t\t<div class=\"elementor-widget-container\">\n\t\t\t\t\t\t\t\t\t<h5><span style=\"color: #003366;\"><strong>Wszystko o dziecku &#8211; Dziecko w sprawie rodzinnej &#8211; alimenty, kontakty z dzieckiem, w\u0142adza rodzicielska (07.04.2016)<\/strong><\/span><\/h5><h6><span style=\"color: #003366;\"><strong>Deutsches Anwaltsinstitut e.V.\u00a0\u00a0<\/strong><\/span><\/h6>\t\t\t\t\t\t\t\t<\/div>\n\t\t\t\t<\/div>\n\t\t\t\t\t<\/div>\n\t\t<\/div>\n\t\t\t\t\t<\/div>\n\t\t<\/section>\n\t\t\t\t<section class=\"elementor-section elementor-top-section elementor-element elementor-element-ec29063 elementor-section-boxed elementor-section-height-default elementor-section-height-default\" data-id=\"ec29063\" data-element_type=\"section\" data-e-type=\"section\">\n\t\t\t\t\t\t<div class=\"elementor-container elementor-column-gap-default\">\n\t\t\t\t\t<div class=\"elementor-column elementor-col-100 elementor-top-column elementor-element elementor-element-2eb4116\" data-id=\"2eb4116\" data-element_type=\"column\" data-e-type=\"column\">\n\t\t\t<div class=\"elementor-widget-wrap elementor-element-populated\">\n\t\t\t\t\t\t<div class=\"elementor-element elementor-element-6047334 elementor-widget elementor-widget-text-editor\" data-id=\"6047334\" data-element_type=\"widget\" data-e-type=\"widget\" data-widget_type=\"text-editor.default\">\n\t\t\t\t<div class=\"elementor-widget-container\">\n\t\t\t\t\t\t\t\t\t<h5><span style=\"color: #003366;\"><strong>Dla<\/strong><strong> dzieci i rodzic\u00f3w: reprezentacja adwokacka w sprawach rodzinnych (07.06.2016)<\/strong><\/span><\/h5><h6><span style=\"color: #003366;\"><strong>Deutsches Anwaltsinstitut e.V.<\/strong><span style=\"font-family: Catamaran, sans-serif;\">\u00a0<\/span><\/span><\/h6>\t\t\t\t\t\t\t\t<\/div>\n\t\t\t\t<\/div>\n\t\t\t\t\t<\/div>\n\t\t<\/div>\n\t\t\t\t\t<\/div>\n\t\t<\/section>\n\t\t\t\t<section class=\"elementor-section elementor-top-section elementor-element elementor-element-76a19b7 elementor-section-boxed elementor-section-height-default elementor-section-height-default\" data-id=\"76a19b7\" data-element_type=\"section\" data-e-type=\"section\">\n\t\t\t\t\t\t<div class=\"elementor-container elementor-column-gap-default\">\n\t\t\t\t\t<div class=\"elementor-column elementor-col-100 elementor-top-column elementor-element elementor-element-3208f8b\" data-id=\"3208f8b\" data-element_type=\"column\" data-e-type=\"column\">\n\t\t\t<div class=\"elementor-widget-wrap elementor-element-populated\">\n\t\t\t\t\t\t<div class=\"elementor-element elementor-element-41a0660 elementor-widget elementor-widget-text-editor\" data-id=\"41a0660\" data-element_type=\"widget\" data-e-type=\"widget\" data-widget_type=\"text-editor.default\">\n\t\t\t\t<div class=\"elementor-widget-container\">\n\t\t\t\t\t\t\t\t\t<h5><span style=\"color: #003366;\"><strong>Nowo\u015bci prawa alimentacyjnego aliment\u00f3w na rodzic\u00f3w : gdy rodzice otrzymuj\u0105 \u015bwiadczenia socjalne. Nowe orzeczenia s\u0105du socjalnego (17.05.2016)<\/strong><\/span><\/h5><h6><span style=\"color: #003366;\"><strong>Deutsches Anwaltsinstitut<\/strong> e.V.\u00a0<\/span><\/h6>\t\t\t\t\t\t\t\t<\/div>\n\t\t\t\t<\/div>\n\t\t\t\t\t<\/div>\n\t\t<\/div>\n\t\t\t\t\t<\/div>\n\t\t<\/section>\n\t\t\t\t<section class=\"elementor-section elementor-top-section elementor-element elementor-element-df8a9d8 elementor-section-boxed elementor-section-height-default elementor-section-height-default\" data-id=\"df8a9d8\" data-element_type=\"section\" data-e-type=\"section\">\n\t\t\t\t\t\t<div class=\"elementor-container elementor-column-gap-default\">\n\t\t\t\t\t<div class=\"elementor-column elementor-col-100 elementor-top-column elementor-element elementor-element-ff277d6\" data-id=\"ff277d6\" data-element_type=\"column\" data-e-type=\"column\">\n\t\t\t<div class=\"elementor-widget-wrap elementor-element-populated\">\n\t\t\t\t\t\t<div class=\"elementor-element elementor-element-afac1b1 elementor-widget elementor-widget-text-editor\" data-id=\"afac1b1\" data-element_type=\"widget\" data-e-type=\"widget\" data-widget_type=\"text-editor.default\">\n\t\t\t\t<div class=\"elementor-widget-container\">\n\t\t\t\t\t\t\t\t\t<h5><span style=\"color: #003366;\"><strong>Sprawy s\u0105dowe o opiek\u0119 nad dzie\u0107mi z elementami zagranicznymi (21.10.2016) <\/strong><\/span><\/h5>\n<h6><span style=\"color: #003366;\"><strong>Deutsches Anwaltsinstitut e.V.<\/strong><\/span><\/h6>\t\t\t\t\t\t\t\t<\/div>\n\t\t\t\t<\/div>\n\t\t\t\t\t<\/div>\n\t\t<\/div>\n\t\t\t\t\t<\/div>\n\t\t<\/section>\n\t\t\t\t<section class=\"elementor-section elementor-top-section elementor-element elementor-element-4a717a2 elementor-section-boxed elementor-section-height-default elementor-section-height-default\" data-id=\"4a717a2\" data-element_type=\"section\" data-e-type=\"section\">\n\t\t\t\t\t\t<div class=\"elementor-container elementor-column-gap-default\">\n\t\t\t\t\t<div class=\"elementor-column elementor-col-100 elementor-top-column elementor-element elementor-element-d68b0dc\" data-id=\"d68b0dc\" data-element_type=\"column\" data-e-type=\"column\">\n\t\t\t<div class=\"elementor-widget-wrap elementor-element-populated\">\n\t\t\t\t\t\t<div class=\"elementor-element elementor-element-ea7f7ce elementor-widget elementor-widget-text-editor\" data-id=\"ea7f7ce\" data-element_type=\"widget\" data-e-type=\"widget\" data-widget_type=\"text-editor.default\">\n\t\t\t\t<div class=\"elementor-widget-container\">\n\t\t\t\t\t\t\t\t\t<h5><span style=\"color: #003366;\"><strong>Psychologiczne<\/strong> <strong>orzeczenie rzeczoznawcy w skrawach o opiek\u0119 nad dzieckiem &#8211; strategie adwokackie (14.10.2017)<\/strong><\/span><\/h5><h6><span style=\"color: #003366;\"><strong>Deutsches Anwaltsinstitut e.V.<\/strong><\/span><\/h6>\t\t\t\t\t\t\t\t<\/div>\n\t\t\t\t<\/div>\n\t\t\t\t\t<\/div>\n\t\t<\/div>\n\t\t\t\t\t<\/div>\n\t\t<\/section>\n\t\t\t\t<section class=\"elementor-section elementor-top-section elementor-element elementor-element-c7c9551 elementor-section-boxed elementor-section-height-default elementor-section-height-default\" data-id=\"c7c9551\" data-element_type=\"section\" data-e-type=\"section\">\n\t\t\t\t\t\t<div class=\"elementor-container elementor-column-gap-default\">\n\t\t\t\t\t<div class=\"elementor-column elementor-col-100 elementor-top-column elementor-element elementor-element-f171ab4\" data-id=\"f171ab4\" data-element_type=\"column\" data-e-type=\"column\">\n\t\t\t<div class=\"elementor-widget-wrap elementor-element-populated\">\n\t\t\t\t\t\t<div class=\"elementor-element elementor-element-89c13f7 elementor-widget elementor-widget-text-editor\" data-id=\"89c13f7\" data-element_type=\"widget\" data-e-type=\"widget\" data-widget_type=\"text-editor.default\">\n\t\t\t\t<div class=\"elementor-widget-container\">\n\t\t\t\t\t\t\t\t\t<h5><span style=\"color: #003366;\"><strong>Umowy i ugody w sprawach rodzinnych (13.12.2017)<\/strong><\/span><\/h5><h6><span style=\"color: #003366;\"><strong>Deutsches Anwaltsinstitut e.V.<\/strong><\/span><\/h6>\t\t\t\t\t\t\t\t<\/div>\n\t\t\t\t<\/div>\n\t\t\t\t\t<\/div>\n\t\t<\/div>\n\t\t\t\t\t<\/div>\n\t\t<\/section>\n\t\t\t\t<section class=\"elementor-section elementor-top-section elementor-element elementor-element-5663e87 elementor-section-boxed elementor-section-height-default elementor-section-height-default\" data-id=\"5663e87\" data-element_type=\"section\" data-e-type=\"section\">\n\t\t\t\t\t\t<div class=\"elementor-container elementor-column-gap-default\">\n\t\t\t\t\t<div class=\"elementor-column elementor-col-100 elementor-top-column elementor-element elementor-element-a966b44\" data-id=\"a966b44\" data-element_type=\"column\" data-e-type=\"column\">\n\t\t\t<div class=\"elementor-widget-wrap elementor-element-populated\">\n\t\t\t\t\t\t<div class=\"elementor-element elementor-element-a0ca64b elementor-widget elementor-widget-text-editor\" data-id=\"a0ca64b\" data-element_type=\"widget\" data-e-type=\"widget\" data-widget_type=\"text-editor.default\">\n\t\t\t\t<div class=\"elementor-widget-container\">\n\t\t\t\t\t\t\t\t\t<h5><span style=\"color: #003366;\"><strong>Optymalne rozliczenie koszt\u00f3w adwokackich i s\u0105dowych prawa rodzinnego (18.05.2017)<\/strong><\/span><\/h5><h6><span style=\"color: #003366;\"><strong>Deutsches Anwaltsinstitut e.V.\u00a0<\/strong><\/span><\/h6>\t\t\t\t\t\t\t\t<\/div>\n\t\t\t\t<\/div>\n\t\t\t\t\t<\/div>\n\t\t<\/div>\n\t\t\t\t\t<\/div>\n\t\t<\/section>\n\t\t\t\t<section class=\"elementor-section elementor-top-section elementor-element elementor-element-4bcb6d0 elementor-section-boxed elementor-section-height-default elementor-section-height-default\" data-id=\"4bcb6d0\" data-element_type=\"section\" data-e-type=\"section\">\n\t\t\t\t\t\t<div class=\"elementor-container elementor-column-gap-default\">\n\t\t\t\t\t<div class=\"elementor-column elementor-col-100 elementor-top-column elementor-element elementor-element-eea3f3b\" data-id=\"eea3f3b\" data-element_type=\"column\" data-e-type=\"column\">\n\t\t\t<div class=\"elementor-widget-wrap elementor-element-populated\">\n\t\t\t\t\t\t<div class=\"elementor-element elementor-element-2c23db1 elementor-widget elementor-widget-text-editor\" data-id=\"2c23db1\" data-element_type=\"widget\" data-e-type=\"widget\" data-widget_type=\"text-editor.default\">\n\t\t\t\t<div class=\"elementor-widget-container\">\n\t\t\t\t\t\t\t\t\t<h5><span style=\"color: #003366;\"><strong>Aktualno\u015bci post\u0119powania cywilnego w sprawach rodzinnych &#8211; aktualne orzeczenia s\u0105dowe szczeg\u00f3lnie sprawy odwo\u0142awcze (27.06.2017)<\/strong><\/span><\/h5><h6><span style=\"color: #003366;\"><strong>Deutsches Anwaltsinstitut e.V.\u00a0<\/strong><\/span><\/h6>\t\t\t\t\t\t\t\t<\/div>\n\t\t\t\t<\/div>\n\t\t\t\t\t<\/div>\n\t\t<\/div>\n\t\t\t\t\t<\/div>\n\t\t<\/section>\n\t\t\t\t<section class=\"elementor-section elementor-top-section elementor-element elementor-element-1f24cce elementor-section-boxed elementor-section-height-default elementor-section-height-default\" data-id=\"1f24cce\" data-element_type=\"section\" data-e-type=\"section\">\n\t\t\t\t\t\t<div class=\"elementor-container elementor-column-gap-default\">\n\t\t\t\t\t<div class=\"elementor-column elementor-col-100 elementor-top-column elementor-element elementor-element-87b49e5\" data-id=\"87b49e5\" data-element_type=\"column\" data-e-type=\"column\">\n\t\t\t<div class=\"elementor-widget-wrap elementor-element-populated\">\n\t\t\t\t\t\t<div class=\"elementor-element elementor-element-711a47d elementor-widget elementor-widget-text-editor\" data-id=\"711a47d\" data-element_type=\"widget\" data-e-type=\"widget\" data-widget_type=\"text-editor.default\">\n\t\t\t\t<div class=\"elementor-widget-container\">\n\t\t\t\t\t\t\t\t\t<h5><span style=\"color: #003366;\"><strong>Wycena firm i sp\u00f3\u0142ek w ramach podzia\u0142u dorobku ma\u0142\u017ce\u0144skiego &#8211; Przyk\u0142ady praktyczne (28.10.2017)<\/strong><\/span><\/h5><h6><span style=\"color: #003366;\"><strong>Deutsches Anwaltsinstitut e.V.\u00a0<\/strong><\/span><\/h6>\t\t\t\t\t\t\t\t<\/div>\n\t\t\t\t<\/div>\n\t\t\t\t\t<\/div>\n\t\t<\/div>\n\t\t\t\t\t<\/div>\n\t\t<\/section>\n\t\t\t\t<section class=\"elementor-section elementor-top-section elementor-element elementor-element-0a5cd81 elementor-section-boxed elementor-section-height-default elementor-section-height-default\" data-id=\"0a5cd81\" data-element_type=\"section\" data-e-type=\"section\">\n\t\t\t\t\t\t<div class=\"elementor-container elementor-column-gap-default\">\n\t\t\t\t\t<div class=\"elementor-column elementor-col-100 elementor-top-column elementor-element elementor-element-69ba54c\" data-id=\"69ba54c\" data-element_type=\"column\" data-e-type=\"column\">\n\t\t\t<div class=\"elementor-widget-wrap elementor-element-populated\">\n\t\t\t\t\t\t<div class=\"elementor-element elementor-element-283343d elementor-widget elementor-widget-text-editor\" data-id=\"283343d\" data-element_type=\"widget\" data-e-type=\"widget\" data-widget_type=\"text-editor.default\">\n\t\t\t\t<div class=\"elementor-widget-container\">\n\t\t\t\t\t\t\t\t\t<h5><span style=\"color: #003366;\"><strong>Rozwody<strong> i po<\/strong>dzia\u0142y maj\u0105tku dorobku ma\u0142\u017ce\u0144skiego z elementami i powi\u0105zaniami zagranicznymi &#8211; Jurysdykcja miedzynarodowa (29.11.2018)<\/strong><\/span><\/h5><h6><span style=\"color: #003366;\"><strong>Deutsches Anwaltsinstitut e.V.<\/strong><\/span><\/h6>\t\t\t\t\t\t\t\t<\/div>\n\t\t\t\t<\/div>\n\t\t\t\t\t<\/div>\n\t\t<\/div>\n\t\t\t\t\t<\/div>\n\t\t<\/section>\n\t\t\t\t<section class=\"elementor-section elementor-top-section elementor-element elementor-element-c86c26c elementor-section-boxed elementor-section-height-default elementor-section-height-default\" data-id=\"c86c26c\" data-element_type=\"section\" data-e-type=\"section\">\n\t\t\t\t\t\t<div class=\"elementor-container elementor-column-gap-default\">\n\t\t\t\t\t<div class=\"elementor-column elementor-col-100 elementor-top-column elementor-element elementor-element-bda8abd\" data-id=\"bda8abd\" data-element_type=\"column\" data-e-type=\"column\">\n\t\t\t<div class=\"elementor-widget-wrap elementor-element-populated\">\n\t\t\t\t\t\t<div class=\"elementor-element elementor-element-c7477d6 elementor-widget elementor-widget-text-editor\" data-id=\"c7477d6\" data-element_type=\"widget\" data-e-type=\"widget\" data-widget_type=\"text-editor.default\">\n\t\t\t\t<div class=\"elementor-widget-container\">\n\t\t\t\t\t\t\t\t\t<h5><span style=\"color: #003366;\"><strong>Kurator i Jugendamt : szansa i ryzyko w sprawach o opiek\u0119 nad dzie\u0107mi (20.02.2019)<\/strong><\/span><\/h5><h6><strong><span style=\"color: #003366;\">Deutsches Anwaltsinstitut e.V.\u00a0<\/span><\/strong><\/h6>\t\t\t\t\t\t\t\t<\/div>\n\t\t\t\t<\/div>\n\t\t\t\t\t<\/div>\n\t\t<\/div>\n\t\t\t\t\t<\/div>\n\t\t<\/section>\n\t\t\t\t<section class=\"elementor-section elementor-top-section elementor-element elementor-element-3480704 elementor-section-boxed elementor-section-height-default elementor-section-height-default\" data-id=\"3480704\" data-element_type=\"section\" data-e-type=\"section\">\n\t\t\t\t\t\t<div class=\"elementor-container elementor-column-gap-default\">\n\t\t\t\t\t<div class=\"elementor-column elementor-col-100 elementor-top-column elementor-element elementor-element-ba14063\" data-id=\"ba14063\" data-element_type=\"column\" data-e-type=\"column\">\n\t\t\t<div class=\"elementor-widget-wrap elementor-element-populated\">\n\t\t\t\t\t\t<div class=\"elementor-element elementor-element-e7de505 elementor-widget__width-initial elementor-widget elementor-widget-text-editor\" data-id=\"e7de505\" data-element_type=\"widget\" data-e-type=\"widget\" data-widget_type=\"text-editor.default\">\n\t\t\t\t<div class=\"elementor-widget-container\">\n\t\t\t\t\t\t\t\t\t<h5><strong>Ma<\/strong><strong><span style=\"color: #003366;\">j\u0105tek jako cz\u0119\u015b\u0107 warto\u015bci sprawy w ramach koszt\u00f3w s\u0105dowych;<\/span><\/strong><\/h5><h5><strong><span style=\"color: #003366;\"> samoch\u00f3d jako maj\u0105tek podczas separacji i przy rozwodzie, <\/span><\/strong><strong style=\"color: #003366;\">wyr\u00f3wnanie roszcze\u0144 w prawie rodzinny.<\/strong><\/h5><h6><strong><span style=\"color: #003366;\">Deutsches Anwaltsinstitut e.V.<\/span><\/strong><\/h6>\t\t\t\t\t\t\t\t<\/div>\n\t\t\t\t<\/div>\n\t\t\t\t\t<\/div>\n\t\t<\/div>\n\t\t\t\t\t<\/div>\n\t\t<\/section>\n\t\t\t\t<section class=\"elementor-section elementor-top-section elementor-element elementor-element-a33f28e elementor-section-boxed elementor-section-height-default elementor-section-height-default\" data-id=\"a33f28e\" data-element_type=\"section\" data-e-type=\"section\">\n\t\t\t\t\t\t<div class=\"elementor-container elementor-column-gap-default\">\n\t\t\t\t\t<div class=\"elementor-column elementor-col-100 elementor-top-column elementor-element elementor-element-da06279\" data-id=\"da06279\" data-element_type=\"column\" data-e-type=\"column\">\n\t\t\t<div class=\"elementor-widget-wrap elementor-element-populated\">\n\t\t\t\t\t\t<div class=\"elementor-element elementor-element-44cb287 elementor-widget elementor-widget-text-editor\" data-id=\"44cb287\" data-element_type=\"widget\" data-e-type=\"widget\" data-widget_type=\"text-editor.default\">\n\t\t\t\t<div class=\"elementor-widget-container\">\n\t\t\t\t\t\t\t\t\t<h5><strong><span style=\"color: #003366;\">Rozwi\u0105zanie wsp\u00f3lnoty gospodarczej ma\u0142\u017conk\u00f3w (28.11.2019)<\/span><\/strong><span style=\"color: #003366;\"> <br \/><\/span><\/h5><h6><span style=\"color: #003366;\"><strong>Deutsches Anwaltsinstitut<\/strong> e.V.\u00a0<\/span><\/h6>\t\t\t\t\t\t\t\t<\/div>\n\t\t\t\t<\/div>\n\t\t\t\t\t<\/div>\n\t\t<\/div>\n\t\t\t\t\t<\/div>\n\t\t<\/section>\n\t\t\t\t<section class=\"elementor-section elementor-top-section elementor-element elementor-element-024802d elementor-section-boxed elementor-section-height-default elementor-section-height-default\" data-id=\"024802d\" data-element_type=\"section\" data-e-type=\"section\">\n\t\t\t\t\t\t<div class=\"elementor-container elementor-column-gap-default\">\n\t\t\t\t\t<div class=\"elementor-column elementor-col-100 elementor-top-column elementor-element elementor-element-df51ebd\" data-id=\"df51ebd\" data-element_type=\"column\" data-e-type=\"column\">\n\t\t\t<div class=\"elementor-widget-wrap elementor-element-populated\">\n\t\t\t\t\t\t<div class=\"elementor-element elementor-element-340051d elementor-widget elementor-widget-text-editor\" data-id=\"340051d\" data-element_type=\"widget\" data-e-type=\"widget\" data-widget_type=\"text-editor.default\">\n\t\t\t\t<div class=\"elementor-widget-container\">\n\t\t\t\t\t\t\t\t\t<h5><span style=\"color: #003366;\"><strong>Rozw\u00f3d przedsi\u0119biorc\u00f3w (14.08.2020)<\/strong><\/span><\/h5><h6><strong><span style=\"color: #003366;\">Anwaltsinstiut e.V.\u00a0<\/span><\/strong><\/h6>\t\t\t\t\t\t\t\t<\/div>\n\t\t\t\t<\/div>\n\t\t\t\t<div class=\"elementor-element elementor-element-fc8d8d8 elementor-widget elementor-widget-text-editor\" data-id=\"fc8d8d8\" data-element_type=\"widget\" data-e-type=\"widget\" data-widget_type=\"text-editor.default\">\n\t\t\t\t<div class=\"elementor-widget-container\">\n\t\t\t\t\t\t\t\t\t<h5><strong><span style=\"color: #003366;\">Sprawy z udzia\u0142em dzieci w praktyce adwokackiej (21.10.2020)<\/span><\/strong><\/h5><h6><strong><span style=\"color: #003366;\">Juristische Fachseminare<\/span><\/strong><\/h6>\t\t\t\t\t\t\t\t<\/div>\n\t\t\t\t<\/div>\n\t\t\t\t\t<\/div>\n\t\t<\/div>\n\t\t\t\t\t<\/div>\n\t\t<\/section>\n\t\t\t\t<section class=\"elementor-section elementor-top-section elementor-element elementor-element-c56ab44 elementor-section-boxed elementor-section-height-default elementor-section-height-default\" data-id=\"c56ab44\" data-element_type=\"section\" data-e-type=\"section\">\n\t\t\t\t\t\t<div class=\"elementor-container elementor-column-gap-default\">\n\t\t\t\t\t<div class=\"elementor-column elementor-col-100 elementor-top-column elementor-element elementor-element-fe7560e\" data-id=\"fe7560e\" data-element_type=\"column\" data-e-type=\"column\">\n\t\t\t<div class=\"elementor-widget-wrap elementor-element-populated\">\n\t\t\t\t\t\t<div class=\"elementor-element elementor-element-f8b79c9 elementor-widget elementor-widget-text-editor\" data-id=\"f8b79c9\" data-element_type=\"widget\" data-e-type=\"widget\" data-widget_type=\"text-editor.default\">\n\t\t\t\t<div class=\"elementor-widget-container\">\n\t\t\t\t\t\t\t\t\t<h5><span style=\"color: #003366;\"><strong>Alimenty w rodzinie patchworkowej (23.10.2020)<\/strong><\/span><\/h5><h6><span style=\"color: #003366;\"><strong>Juristische Fachseminare<\/strong><\/span><\/h6>\t\t\t\t\t\t\t\t<\/div>\n\t\t\t\t<\/div>\n\t\t\t\t\t<\/div>\n\t\t<\/div>\n\t\t\t\t\t<\/div>\n\t\t<\/section>\n\t\t\t\t<section class=\"elementor-section elementor-top-section elementor-element elementor-element-ec5d75d elementor-section-boxed elementor-section-height-default elementor-section-height-default\" data-id=\"ec5d75d\" data-element_type=\"section\" data-e-type=\"section\">\n\t\t\t\t\t\t<div class=\"elementor-container elementor-column-gap-default\">\n\t\t\t\t\t<div class=\"elementor-column elementor-col-100 elementor-top-column elementor-element elementor-element-50de4cd\" data-id=\"50de4cd\" data-element_type=\"column\" data-e-type=\"column\">\n\t\t\t<div class=\"elementor-widget-wrap elementor-element-populated\">\n\t\t\t\t\t\t<div class=\"elementor-element elementor-element-728af59 elementor-widget elementor-widget-text-editor\" data-id=\"728af59\" data-element_type=\"widget\" data-e-type=\"widget\" data-widget_type=\"text-editor.default\">\n\t\t\t\t<div class=\"elementor-widget-container\">\n\t\t\t\t\t\t\t\t\t<h5><strong><span style=\"color: #003366;\">Alimenty w podzielonym modelu wychowawczym &#8222;Wechselmodell&#8220; (23.10.2020)<\/span><\/strong><\/h5><h6><strong><span style=\"color: #003366;\">Justische Fachseminare<\/span><\/strong><\/h6>\t\t\t\t\t\t\t\t<\/div>\n\t\t\t\t<\/div>\n\t\t\t\t\t<\/div>\n\t\t<\/div>\n\t\t\t\t\t<\/div>\n\t\t<\/section>\n\t\t\t\t<section class=\"elementor-section elementor-top-section elementor-element elementor-element-e31f54c elementor-section-boxed elementor-section-height-default elementor-section-height-default\" data-id=\"e31f54c\" data-element_type=\"section\" data-e-type=\"section\">\n\t\t\t\t\t\t<div class=\"elementor-container elementor-column-gap-default\">\n\t\t\t\t\t<div class=\"elementor-column elementor-col-100 elementor-top-column elementor-element elementor-element-8eca939\" data-id=\"8eca939\" data-element_type=\"column\" data-e-type=\"column\">\n\t\t\t<div class=\"elementor-widget-wrap elementor-element-populated\">\n\t\t\t\t\t\t<div class=\"elementor-element elementor-element-cf6c974 elementor-widget elementor-widget-text-editor\" data-id=\"cf6c974\" data-element_type=\"widget\" data-e-type=\"widget\" data-widget_type=\"text-editor.default\">\n\t\t\t\t<div class=\"elementor-widget-container\">\n\t\t\t\t\t\t\t\t\t<h5><strong><span style=\"color: #003366;\">Wp\u0142yw \u015bmierci na rodzinne relacje prawne (26.10.2020)<\/span><\/strong><\/h5><h6><strong><span style=\"color: #003366;\">Juristische Fachseminare<\/span><\/strong><\/h6>\t\t\t\t\t\t\t\t<\/div>\n\t\t\t\t<\/div>\n\t\t\t\t\t<\/div>\n\t\t<\/div>\n\t\t\t\t\t<\/div>\n\t\t<\/section>\n\t\t\t\t<section class=\"elementor-section elementor-top-section elementor-element elementor-element-7d40737 elementor-section-boxed elementor-section-height-default elementor-section-height-default\" data-id=\"7d40737\" data-element_type=\"section\" data-e-type=\"section\">\n\t\t\t\t\t\t<div class=\"elementor-container elementor-column-gap-default\">\n\t\t\t\t\t<div class=\"elementor-column elementor-col-100 elementor-top-column elementor-element elementor-element-60f19e7\" data-id=\"60f19e7\" data-element_type=\"column\" data-e-type=\"column\">\n\t\t\t<div class=\"elementor-widget-wrap elementor-element-populated\">\n\t\t\t\t\t\t<div class=\"elementor-element elementor-element-dd4f358 elementor-widget elementor-widget-text-editor\" data-id=\"dd4f358\" data-element_type=\"widget\" data-e-type=\"widget\" data-widget_type=\"text-editor.default\">\n\t\t\t\t<div class=\"elementor-widget-container\">\n\t\t\t\t\t\t\t\t\t<h5><strong><span style=\"color: #003366;\">Kurs certifikacyjny &#8222;Verfahrenbeistand&#8220;- adwokat dziecka w sprawie s\u0105dowej (08.02.2021 do 12.02.2021)<\/span><\/strong><\/h5>\n<h6><strong><span style=\"color: #003366;\">Weinsberger Forum<\/span><\/strong><\/h6>\t\t\t\t\t\t\t\t<\/div>\n\t\t\t\t<\/div>\n\t\t\t\t<div class=\"elementor-element elementor-element-d97cc20 elementor-widget elementor-widget-text-editor\" data-id=\"d97cc20\" data-element_type=\"widget\" data-e-type=\"widget\" data-widget_type=\"text-editor.default\">\n\t\t\t\t<div class=\"elementor-widget-container\">\n\t\t\t\t\t\t\t\t\t<h5><strong><span style=\"color: #003366;\">Verfahrensbeistand &#8211; Adwokat dziecka w procesie s\u0105dowym (06.01.2022) <br><\/span><\/strong><\/h5>\n<h6><strong><span style=\"color: #003366;\">DAI Deutsches Fachanwaltsinstitut e.V.<\/span>&nbsp;<\/strong><\/h6>\t\t\t\t\t\t\t\t<\/div>\n\t\t\t\t<\/div>\n\t\t\t\t<div class=\"elementor-element elementor-element-c3c8b41 elementor-widget elementor-widget-text-editor\" data-id=\"c3c8b41\" data-element_type=\"widget\" data-e-type=\"widget\" data-widget_type=\"text-editor.default\">\n\t\t\t\t<div class=\"elementor-widget-container\">\n\t\t\t\t\t\t\t\t\t<h5><strong><span style=\"color: #003366;\">Post\u0119powanie tymczasowe w procesie rodzinnym (24.03.2023) <br><\/span><\/strong><\/h5>\n<h6><strong><span style=\"color: #003366;\">Seminar Zirkel &nbsp;<\/span><\/strong><\/h6>\t\t\t\t\t\t\t\t<\/div>\n\t\t\t\t<\/div>\n\t\t\t\t<div class=\"elementor-element elementor-element-b55e5da elementor-widget elementor-widget-text-editor\" data-id=\"b55e5da\" data-element_type=\"widget\" data-e-type=\"widget\" data-widget_type=\"text-editor.default\">\n\t\t\t\t<div class=\"elementor-widget-container\">\n\t\t\t\t\t\t\t\t\t<h5><strong><span style=\"color: #003366;\">Problemy w pe\u0142nomocnicwie adwokackim, zako\u0144czenie wsp\u00f3\u0142pracy i konsekwencje (<\/span><\/strong><strong><span style=\"color: #003366;\">09.11.2022) <br><\/span><\/strong><\/h5>\n<h6><strong><span style=\"color: #003366;\">Juristische Fachseminare&nbsp; &nbsp;<\/span><\/strong><\/h6>\t\t\t\t\t\t\t\t<\/div>\n\t\t\t\t<\/div>\n\t\t\t\t<div class=\"elementor-element elementor-element-de2c454 elementor-widget elementor-widget-text-editor\" data-id=\"de2c454\" data-element_type=\"widget\" data-e-type=\"widget\" data-widget_type=\"text-editor.default\">\n\t\t\t\t<div class=\"elementor-widget-container\">\n\t\t\t\t\t\t\t\t\t<h5><strong><span style=\"color: #003366;\">Nowo\u015bci w sprawach o kontakty&nbsp; z dzieckiem (<\/span><\/strong><strong><span style=\"color: #003366;\">21.11.2022) <br><\/span><\/strong><\/h5>\n<h6><strong><span style=\"color: #003366;\">Juristische Fachseminare <br><\/span><\/strong><\/h6>\t\t\t\t\t\t\t\t<\/div>\n\t\t\t\t<\/div>\n\t\t\t\t<div class=\"elementor-element elementor-element-cca899a elementor-widget elementor-widget-text-editor\" data-id=\"cca899a\" data-element_type=\"widget\" data-e-type=\"widget\" data-widget_type=\"text-editor.default\">\n\t\t\t\t<div class=\"elementor-widget-container\">\n\t\t\t\t\t\t\t\t\t<h5><strong><span style=\"color: #003366;\">Przegl\u0105d opieki nad dzie\u0107mi i m\u0142odzie\u017c\u0105 wed\u0142ug SGB VIII.&nbsp;<br>Wprowadzenie systemowe i strukturalne do podstawy prawnej (08.05.2023-09.05.2023) <br><\/span><\/strong><\/h5>\n<h6><strong><span style=\"color: #003366;\">Kommunales Bildungswerk e.V.&nbsp; &nbsp;<\/span><\/strong><\/h6>\t\t\t\t\t\t\t\t<\/div>\n\t\t\t\t<\/div>\n\t\t\t\t<div class=\"elementor-element elementor-element-d8f9267 elementor-widget elementor-widget-text-editor\" data-id=\"d8f9267\" data-element_type=\"widget\" data-e-type=\"widget\" data-widget_type=\"text-editor.default\">\n\t\t\t\t<div class=\"elementor-widget-container\">\n\t\t\t\t\t\t\t\t\t<h5><strong><span style=\"color: #003366;\">Zastrze\u017cenia co do zdolno\u015bci p\u0142atniczej osoby zobowi\u0105zanej (08.11.2023-09.05.2023)<\/span><\/strong><\/h5>\n<h6><strong> <span style=\"color: #003366;\">Juristische Fachseminare&nbsp;&nbsp; <br><\/span><\/strong><\/h6>\t\t\t\t\t\t\t\t<\/div>\n\t\t\t\t<\/div>\n\t\t\t\t<div class=\"elementor-element elementor-element-1b98230 elementor-widget elementor-widget-text-editor\" data-id=\"1b98230\" data-element_type=\"widget\" data-e-type=\"widget\" data-widget_type=\"text-editor.default\">\n\t\t\t\t<div class=\"elementor-widget-container\">\n\t\t\t\t\t\t\t\t\t<h5><strong><span style=\"color: #003366;\">Dziecko w prawie rodzinnym &#8211; sprawy dziecka, rodzicielstwo, alimenty, alimenty ze strony ma\u0142\u017conka przy opiece nad dzie\u0107mi (17.01.2023) <br><\/span><\/strong><\/h5>\n<h6><strong><span style=\"color: #003366;\">Juristische Fachseminare&nbsp; &nbsp;<\/span><\/strong><\/h6>\t\t\t\t\t\t\t\t<\/div>\n\t\t\t\t<\/div>\n\t\t\t\t<div class=\"elementor-element elementor-element-2a38d81 elementor-widget elementor-widget-text-editor\" data-id=\"2a38d81\" data-element_type=\"widget\" data-e-type=\"widget\" data-widget_type=\"text-editor.default\">\n\t\t\t\t<div class=\"elementor-widget-container\">\n\t\t\t\t\t\t\t\t\t<h5><strong><span style=\"color: #003366;\">Trudne sprawy z prawa alimentacyjnego \u2013 zmiana opieka (09.02.2024)<\/span><\/strong><\/h5>\n<h6><strong><span style=\"color: #003366;\">Juristische Fachseminare&nbsp; &nbsp;<\/span><\/strong><\/h6>\t\t\t\t\t\t\t\t<\/div>\n\t\t\t\t<\/div>\n\t\t\t\t<div class=\"elementor-element elementor-element-c21ba04 elementor-widget elementor-widget-text-editor\" data-id=\"c21ba04\" data-element_type=\"widget\" data-e-type=\"widget\" data-widget_type=\"text-editor.default\">\n\t\t\t\t<div class=\"elementor-widget-container\">\n\t\t\t\t\t\t\t\t\t<h5><strong><span style=\"color: #003366;\">Aktualno\u015bci prawa alimentacyjnego 2024 (05.02.2024)<\/span><\/strong><\/h5>\n<h6><strong><span style=\"color: #003366;\">Juristische Fachseminare&nbsp; <br><\/span><\/strong><\/h6>\t\t\t\t\t\t\t\t<\/div>\n\t\t\t\t<\/div>\n\t\t\t\t\t<\/div>\n\t\t<\/div>\n\t\t\t\t\t<\/div>\n\t\t<\/section>\n\t\t\t\t<section class=\"elementor-section elementor-top-section elementor-element elementor-element-3f81644 elementor-section-boxed elementor-section-height-default elementor-section-height-default\" data-id=\"3f81644\" data-element_type=\"section\" data-e-type=\"section\">\n\t\t\t\t\t\t<div class=\"elementor-container elementor-column-gap-default\">\n\t\t\t\t\t<div class=\"elementor-column elementor-col-100 elementor-top-column elementor-element elementor-element-3596e91\" data-id=\"3596e91\" data-element_type=\"column\" data-e-type=\"column\">\n\t\t\t<div class=\"elementor-widget-wrap elementor-element-populated\">\n\t\t\t\t\t\t<div class=\"elementor-element elementor-element-d4b6c19 elementor-widget elementor-widget-text-editor\" data-id=\"d4b6c19\" data-element_type=\"widget\" data-e-type=\"widget\" data-widget_type=\"text-editor.default\">\n\t\t\t\t<div class=\"elementor-widget-container\">\n\t\t\t\t\t\t\t\t\t<h5><strong>Dobro dziecka i wola dziecka (20.02.2024)<\/strong><\/h5><h6><strong>Weinsberger Forum<\/strong><\/h6>\t\t\t\t\t\t\t\t<\/div>\n\t\t\t\t<\/div>\n\t\t\t\t\t<\/div>\n\t\t<\/div>\n\t\t\t\t\t<\/div>\n\t\t<\/section>\n\t\t\t\t<\/div>\n\t\t","protected":false},"excerpt":{"rendered":"<p>Podzia\u0142 maj\u0105tku po separacji, podczas rozwodu i po rozwodzie (28.09.2012) Eiden Justistsche Fachseminare Kurs kwalifikacyjny &#8222;Specjalistka<\/p>\n<div class=\"bottom-meta clearfix\">\n<ul class=\"bottom-meta-list\">\n<li>\n<div class=\"post-more\"><a class=\"read-more\" href=\"https:\/\/www.gdaniec.eu\/?p=124\"><\/a><\/div>\n<\/li>\n<\/ul>\n<\/div>\n","protected":false},"author":1,"featured_media":0,"comment_status":"closed","ping_status":"closed","sticky":false,"template":"","format":"standard","meta":{"footnotes":""},"categories":[],"tags":[],"class_list":["post-124","post","type-post","status-publish","format-standard","hentry"],"_links":{"self":[{"href":"https:\/\/www.gdaniec.eu\/index.php?rest_route=\/wp\/v2\/posts\/124","targetHints":{"allow":["GET"]}}],"collection":[{"href":"https:\/\/www.gdaniec.eu\/index.php?rest_route=\/wp\/v2\/posts"}],"about":[{"href":"https:\/\/www.gdaniec.eu\/index.php?rest_route=\/wp\/v2\/types\/post"}],"author":[{"embeddable":true,"href":"https:\/\/www.gdaniec.eu\/index.php?rest_route=\/wp\/v2\/users\/1"}],"replies":[{"embeddable":true,"href":"https:\/\/www.gdaniec.eu\/index.php?rest_route=%2Fwp%2Fv2%2Fcomments&post=124"}],"version-history":[{"count":175,"href":"https:\/\/www.gdaniec.eu\/index.php?rest_route=\/wp\/v2\/posts\/124\/revisions"}],"predecessor-version":[{"id":1627,"href":"https:\/\/www.gdaniec.eu\/index.php?rest_route=\/wp\/v2\/posts\/124\/revisions\/1627"}],"wp:attachment":[{"href":"https:\/\/www.gdaniec.eu\/index.php?rest_route=%2Fwp%2Fv2%2Fmedia&parent=124"}],"wp:term":[{"taxonomy":"category","embeddable":true,"href":"https:\/\/www.gdaniec.eu\/index.php?rest_route=%2Fwp%2Fv2%2Fcategories&post=124"},{"taxonomy":"post_tag","embeddable":true,"href":"https:\/\/www.gdaniec.eu\/index.php?rest_route=%2Fwp%2Fv2%2Ftags&post=124"}],"curies":[{"name":"wp","href":"https:\/\/api.w.org\/{rel}","templated":true}]}}